{"id":903,"date":"2021-06-30T15:57:51","date_gmt":"2021-06-30T15:57:51","guid":{"rendered":"https:\/\/vsdorfstetten.ac.at\/?p=903"},"modified":"2021-07-02T06:54:08","modified_gmt":"2021-07-02T06:54:08","slug":"wandertag-der-2-klasse","status":"publish","type":"post","link":"https:\/\/vsdorfstetten.ac.at\/index.php\/2021\/06\/30\/wandertag-der-2-klasse\/","title":{"rendered":"Wandertag der 2. Klasse"},"content":{"rendered":"\n<p>Vergangenen Mittwoch, 30. Juni, machte sich die 2. Klasse auf in den &#8222;Graben&#8220;. Von der Schule weg f\u00fchrte uns unser Weg \u00fcber den &#8222;Kirchensteig&#8220; und die Sandgrube hinauf zum &#8222;Vordersteinberg&#8220;. Von dort wanderten wir durch den Wald Richtung &#8222;Eibenberg&#8220;. Besonderes Highlight war das letzte Waldst\u00fcck, wo wir uns regelrecht durch Hecken, \u00fcber umgest\u00fcrzte B\u00e4ume und riesige Steinberge k\u00e4mpfen mussten. <\/p>\n\n\n\n<p>Nach einer kurzen Rast bei Frau Lehrer Wallner machten wir uns auf in die Angerm\u00fchle. Dort bekamen wir vom Elternverein ein leckeres Eis spendiert. Herzlichen Dank daf\u00fcr.<\/p>\n\n\n\n<p>Begleitet wurden wir nicht nur von Fr. Renner, sondern kurzerhand auch von &#8222;Bello&#8220;, dem Hund von Julians Gro\u00dfeltern (Ortlehner). Er lie\u00df sich einfach nicht absch\u00fctteln und wanderte so mit uns gemeinsam \u00fcber Stock und \u00fcber Stein. Den Kindern machte das sichtlich Spa\u00df.<\/p>\n\n\n\n<p><\/p>\n\n\n\n<ul class=\"wp-container-2 wp-block-gallery-1 wp-block-gallery columns-3 is-cropped\"><li class=\"blocks-gallery-item\"><figure><img loading=\"lazy\" width=\"768\" height=\"1024\" src=\"https:\/\/vsdorfstetten.ac.at\/wp-content\/uploads\/2021\/06\/Wandertag_Kl2_Juni2021-1.komp_-768x1024.jpg\" alt=\"\" data-id=\"904\" data-link=\"https:\/\/vsdorfstetten.ac.at\/?attachment_id=904\" class=\"wp-image-904\" srcset=\"https:\/\/vsdorfstetten.ac.at\/wp-content\/uploads\/2021\/06\/Wandertag_Kl2_Juni2021-1.komp_-768x1024.jpg 768w, https:\/\/vsdorfstetten.ac.at\/wp-content\/uploads\/2021\/06\/Wandertag_Kl2_Juni2021-1.komp_-225x300.jpg 225w, https:\/\/vsdorfstetten.ac.at\/wp-content\/uploads\/2021\/06\/Wandertag_Kl2_Juni2021-1.komp_.jpg 945w\" sizes=\"(max-width: 768px) 100vw, 768px\" \/><\/figure><\/li><li class=\"blocks-gallery-item\"><figure><img loading=\"lazy\" width=\"605\" height=\"806\" src=\"https:\/\/vsdorfstetten.ac.at\/wp-content\/uploads\/2021\/06\/Wandertag_Kl2_Juni2021-21.komp_.jpeg.jpg\" alt=\"\" data-id=\"915\" data-link=\"https:\/\/vsdorfstetten.ac.at\/?attachment_id=915\" class=\"wp-image-915\" srcset=\"https:\/\/vsdorfstetten.ac.at\/wp-content\/uploads\/2021\/06\/Wandertag_Kl2_Juni2021-21.komp_.jpeg.jpg 605w, https:\/\/vsdorfstetten.ac.at\/wp-content\/uploads\/2021\/06\/Wandertag_Kl2_Juni2021-21.komp_.jpeg-225x300.jpg 225w\" sizes=\"(max-width: 605px) 100vw, 605px\" \/><\/figure><\/li><li class=\"blocks-gallery-item\"><figure><img loading=\"lazy\" width=\"605\" height=\"806\" src=\"https:\/\/vsdorfstetten.ac.at\/wp-content\/uploads\/2021\/06\/Wandertag_Kl2_Juni2021-18.komp_.jpeg.jpg\" alt=\"\" data-id=\"913\" data-link=\"https:\/\/vsdorfstetten.ac.at\/?attachment_id=913\" class=\"wp-image-913\" srcset=\"https:\/\/vsdorfstetten.ac.at\/wp-content\/uploads\/2021\/06\/Wandertag_Kl2_Juni2021-18.komp_.jpeg.jpg 605w, https:\/\/vsdorfstetten.ac.at\/wp-content\/uploads\/2021\/06\/Wandertag_Kl2_Juni2021-18.komp_.jpeg-225x300.jpg 225w\" sizes=\"(max-width: 605px) 100vw, 605px\" \/><\/figure><\/li><li class=\"blocks-gallery-item\"><figure><img loading=\"lazy\" width=\"605\" height=\"806\" src=\"https:\/\/vsdorfstetten.ac.at\/wp-content\/uploads\/2021\/06\/Wandertag_Kl2_Juni2021-19.komp_.jpeg.jpg\" alt=\"\" data-id=\"914\" data-link=\"https:\/\/vsdorfstetten.ac.at\/?attachment_id=914\" class=\"wp-image-914\" srcset=\"https:\/\/vsdorfstetten.ac.at\/wp-content\/uploads\/2021\/06\/Wandertag_Kl2_Juni2021-19.komp_.jpeg.jpg 605w, https:\/\/vsdorfstetten.ac.at\/wp-content\/uploads\/2021\/06\/Wandertag_Kl2_Juni2021-19.komp_.jpeg-225x300.jpg 225w\" sizes=\"(max-width: 605px) 100vw, 605px\" \/><\/figure><\/li><li class=\"blocks-gallery-item\"><figure><img loading=\"lazy\" width=\"768\" height=\"1024\" src=\"https:\/\/vsdorfstetten.ac.at\/wp-content\/uploads\/2021\/06\/Wandertag_Kl2_Juni2021-5.komp_-768x1024.jpg\" alt=\"\" data-id=\"905\" data-link=\"https:\/\/vsdorfstetten.ac.at\/?attachment_id=905\" class=\"wp-image-905\" srcset=\"https:\/\/vsdorfstetten.ac.at\/wp-content\/uploads\/2021\/06\/Wandertag_Kl2_Juni2021-5.komp_-768x1024.jpg 768w, https:\/\/vsdorfstetten.ac.at\/wp-content\/uploads\/2021\/06\/Wandertag_Kl2_Juni2021-5.komp_-225x300.jpg 225w, https:\/\/vsdorfstetten.ac.at\/wp-content\/uploads\/2021\/06\/Wandertag_Kl2_Juni2021-5.komp_.jpg 945w\" sizes=\"(max-width: 768px) 100vw, 768px\" \/><\/figure><\/li><li class=\"blocks-gallery-item\"><figure><img loading=\"lazy\" width=\"768\" height=\"1024\" src=\"https:\/\/vsdorfstetten.ac.at\/wp-content\/uploads\/2021\/06\/Wandertag_Kl2_Juni2021-9.komp_-768x1024.jpg\" alt=\"\" data-id=\"907\" data-link=\"https:\/\/vsdorfstetten.ac.at\/?attachment_id=907\" class=\"wp-image-907\" srcset=\"https:\/\/vsdorfstetten.ac.at\/wp-content\/uploads\/2021\/06\/Wandertag_Kl2_Juni2021-9.komp_-768x1024.jpg 768w, https:\/\/vsdorfstetten.ac.at\/wp-content\/uploads\/2021\/06\/Wandertag_Kl2_Juni2021-9.komp_-225x300.jpg 225w, https:\/\/vsdorfstetten.ac.at\/wp-content\/uploads\/2021\/06\/Wandertag_Kl2_Juni2021-9.komp_.jpg 945w\" sizes=\"(max-width: 768px) 100vw, 768px\" \/><\/figure><\/li><\/ul>\n\n\n\n<ul class=\"wp-container-4 wp-block-gallery-3 wp-block-gallery columns-1 is-cropped\"><li class=\"blocks-gallery-item\"><figure><img loading=\"lazy\" width=\"605\" height=\"454\" src=\"https:\/\/vsdorfstetten.ac.at\/wp-content\/uploads\/2021\/06\/Gruppenbild.jpg\" alt=\"\" data-id=\"917\" data-link=\"https:\/\/vsdorfstetten.ac.at\/?attachment_id=917\" class=\"wp-image-917\" srcset=\"https:\/\/vsdorfstetten.ac.at\/wp-content\/uploads\/2021\/06\/Gruppenbild.jpg 605w, https:\/\/vsdorfstetten.ac.at\/wp-content\/uploads\/2021\/06\/Gruppenbild-300x225.jpg 300w\" sizes=\"(max-width: 605px) 100vw, 605px\" \/><\/figure><\/li><\/ul>\n\n\n\n<ul class=\"wp-container-6 wp-block-gallery-5 wp-block-gallery columns-2 is-cropped\"><li class=\"blocks-gallery-item\"><figure><img loading=\"lazy\" width=\"709\" height=\"945\" src=\"https:\/\/vsdorfstetten.ac.at\/wp-content\/uploads\/2021\/06\/Wandertag_Kl2_Juni2021-7.komp_.jpg\" alt=\"\" data-id=\"906\" data-link=\"https:\/\/vsdorfstetten.ac.at\/?attachment_id=906\" class=\"wp-image-906\" srcset=\"https:\/\/vsdorfstetten.ac.at\/wp-content\/uploads\/2021\/06\/Wandertag_Kl2_Juni2021-7.komp_.jpg 709w, https:\/\/vsdorfstetten.ac.at\/wp-content\/uploads\/2021\/06\/Wandertag_Kl2_Juni2021-7.komp_-225x300.jpg 225w\" sizes=\"(max-width: 709px) 100vw, 709px\" \/><\/figure><\/li><li class=\"blocks-gallery-item\"><figure><img loading=\"lazy\" width=\"768\" height=\"1024\" src=\"https:\/\/vsdorfstetten.ac.at\/wp-content\/uploads\/2021\/06\/Wandertag_Kl2_Juni2021-11.komp_-768x1024.jpg\" alt=\"\" data-id=\"908\" data-link=\"https:\/\/vsdorfstetten.ac.at\/?attachment_id=908\" class=\"wp-image-908\" srcset=\"https:\/\/vsdorfstetten.ac.at\/wp-content\/uploads\/2021\/06\/Wandertag_Kl2_Juni2021-11.komp_-768x1024.jpg 768w, https:\/\/vsdorfstetten.ac.at\/wp-content\/uploads\/2021\/06\/Wandertag_Kl2_Juni2021-11.komp_-225x300.jpg 225w, https:\/\/vsdorfstetten.ac.at\/wp-content\/uploads\/2021\/06\/Wandertag_Kl2_Juni2021-11.komp_.jpg 945w\" sizes=\"(max-width: 768px) 100vw, 768px\" \/><\/figure><\/li><\/ul>\n\n\n\n<ul class=\"wp-container-8 wp-block-gallery-7 wp-block-gallery columns-3 is-cropped\"><li class=\"blocks-gallery-item\"><figure><img loading=\"lazy\" width=\"945\" height=\"709\" src=\"https:\/\/vsdorfstetten.ac.at\/wp-content\/uploads\/2021\/06\/Wandertag_Kl2_Juni2021-12.komp_.jpg\" alt=\"\" data-id=\"909\" data-link=\"https:\/\/vsdorfstetten.ac.at\/?attachment_id=909\" class=\"wp-image-909\" srcset=\"https:\/\/vsdorfstetten.ac.at\/wp-content\/uploads\/2021\/06\/Wandertag_Kl2_Juni2021-12.komp_.jpg 945w, https:\/\/vsdorfstetten.ac.at\/wp-content\/uploads\/2021\/06\/Wandertag_Kl2_Juni2021-12.komp_-300x225.jpg 300w, https:\/\/vsdorfstetten.ac.at\/wp-content\/uploads\/2021\/06\/Wandertag_Kl2_Juni2021-12.komp_-768x576.jpg 768w\" sizes=\"(max-width: 945px) 100vw, 945px\" \/><\/figure><\/li><li class=\"blocks-gallery-item\"><figure><img loading=\"lazy\" width=\"945\" height=\"709\" src=\"https:\/\/vsdorfstetten.ac.at\/wp-content\/uploads\/2021\/06\/Wandertag_Kl2_Juni2021-13.komp_.jpg\" alt=\"\" data-id=\"910\" data-link=\"https:\/\/vsdorfstetten.ac.at\/?attachment_id=910\" class=\"wp-image-910\" srcset=\"https:\/\/vsdorfstetten.ac.at\/wp-content\/uploads\/2021\/06\/Wandertag_Kl2_Juni2021-13.komp_.jpg 945w, https:\/\/vsdorfstetten.ac.at\/wp-content\/uploads\/2021\/06\/Wandertag_Kl2_Juni2021-13.komp_-300x225.jpg 300w, https:\/\/vsdorfstetten.ac.at\/wp-content\/uploads\/2021\/06\/Wandertag_Kl2_Juni2021-13.komp_-768x576.jpg 768w\" sizes=\"(max-width: 945px) 100vw, 945px\" \/><\/figure><\/li><li class=\"blocks-gallery-item\"><figure><img loading=\"lazy\" width=\"945\" height=\"709\" src=\"https:\/\/vsdorfstetten.ac.at\/wp-content\/uploads\/2021\/06\/Wandertag_Kl2_Juni2021-15.komp_.jpg\" alt=\"\" data-id=\"911\" data-link=\"https:\/\/vsdorfstetten.ac.at\/?attachment_id=911\" class=\"wp-image-911\" srcset=\"https:\/\/vsdorfstetten.ac.at\/wp-content\/uploads\/2021\/06\/Wandertag_Kl2_Juni2021-15.komp_.jpg 945w, https:\/\/vsdorfstetten.ac.at\/wp-content\/uploads\/2021\/06\/Wandertag_Kl2_Juni2021-15.komp_-300x225.jpg 300w, https:\/\/vsdorfstetten.ac.at\/wp-content\/uploads\/2021\/06\/Wandertag_Kl2_Juni2021-15.komp_-768x576.jpg 768w\" sizes=\"(max-width: 945px) 100vw, 945px\" \/><\/figure><\/li><li class=\"blocks-gallery-item\"><figure><img loading=\"lazy\" width=\"605\" height=\"454\" src=\"https:\/\/vsdorfstetten.ac.at\/wp-content\/uploads\/2021\/06\/Wandertag_Kl2_Juni2021-16.komp_.jpeg.jpg\" alt=\"\" data-id=\"912\" data-link=\"https:\/\/vsdorfstetten.ac.at\/?attachment_id=912\" class=\"wp-image-912\" srcset=\"https:\/\/vsdorfstetten.ac.at\/wp-content\/uploads\/2021\/06\/Wandertag_Kl2_Juni2021-16.komp_.jpeg.jpg 605w, https:\/\/vsdorfstetten.ac.at\/wp-content\/uploads\/2021\/06\/Wandertag_Kl2_Juni2021-16.komp_.jpeg-300x225.jpg 300w\" sizes=\"(max-width: 605px) 100vw, 605px\" \/><\/figure><\/li><\/ul>\n","protected":false},"excerpt":{"rendered":"<p>Vergangenen Mittwoch, 30. Juni, machte sich die 2. Klasse auf in den &#8222;Graben&#8220;. Von der Schule weg f\u00fchrte uns unser &hellip; <\/p>\n","protected":false},"author":1,"featured_media":0,"comment_status":"closed","ping_status":"closed","sticky":false,"template":"","format":"standard","meta":[],"categories":[1],"tags":[],"_links":{"self":[{"href":"https:\/\/vsdorfstetten.ac.at\/index.php\/wp-json\/wp\/v2\/posts\/903"}],"collection":[{"href":"https:\/\/vsdorfstetten.ac.at\/index.php\/wp-json\/wp\/v2\/posts"}],"about":[{"href":"https:\/\/vsdorfstetten.ac.at\/index.php\/wp-json\/wp\/v2\/types\/post"}],"author":[{"embeddable":true,"href":"https:\/\/vsdorfstetten.ac.at\/index.php\/wp-json\/wp\/v2\/users\/1"}],"replies":[{"embeddable":true,"href":"https:\/\/vsdorfstetten.ac.at\/index.php\/wp-json\/wp\/v2\/comments?post=903"}],"version-history":[{"count":2,"href":"https:\/\/vsdorfstetten.ac.at\/index.php\/wp-json\/wp\/v2\/posts\/903\/revisions"}],"predecessor-version":[{"id":919,"href":"https:\/\/vsdorfstetten.ac.at\/index.php\/wp-json\/wp\/v2\/posts\/903\/revisions\/919"}],"wp:attachment":[{"href":"https:\/\/vsdorfstetten.ac.at\/index.php\/wp-json\/wp\/v2\/media?parent=903"}],"wp:term":[{"taxonomy":"category","embeddable":true,"href":"https:\/\/vsdorfstetten.ac.at\/index.php\/wp-json\/wp\/v2\/categories?post=903"},{"taxonomy":"post_tag","embeddable":true,"href":"https:\/\/vsdorfstetten.ac.at\/index.php\/wp-json\/wp\/v2\/tags?post=903"}],"curies":[{"name":"wp","href":"https:\/\/api.w.org\/{rel}","templated":true}]}}