{"id":984,"date":"2021-09-12T12:28:15","date_gmt":"2021-09-12T12:28:15","guid":{"rendered":"https:\/\/vsdorfstetten.ac.at\/?p=984"},"modified":"2021-09-12T12:29:14","modified_gmt":"2021-09-12T12:29:14","slug":"schulbeginn-2021-22","status":"publish","type":"post","link":"https:\/\/vsdorfstetten.ac.at\/index.php\/2021\/09\/12\/schulbeginn-2021-22\/","title":{"rendered":"Schulbeginn 2021\/22"},"content":{"rendered":"\n<p>Herzlich willkommen im neuen Schuljahr. Ingesamt 27 Sch\u00fcler und Sch\u00fclerinnen besuchen dieses Schuljahr unsere Volksschule. Am 06. September 2021 war es f\u00fcr sechs Kinder der erste Schultag und sie wurden von ihrer Klassenlehrerin Vanessa Maier herzlich begr\u00fc\u00dft. Nat\u00fcrlich gab es f\u00fcr unsere Schulanf\u00e4nger eine Schult\u00fcte zu ihrem besonderen Tag. <\/p>\n\n\n\n<p>Wir w\u00fcnschen allen Sch\u00fclerinnen und Sch\u00fcler viel Erfolg im neuen Schuljahr. Unseren 6 Schulanf\u00e4ngern w\u00fcnschen wir ganz besonders alles Gute f\u00fcr ihren neuen Lebensabschnitt und viel Freude auf ihren &#8222;Entdeckungsreisen&#8220; in der Schule. <\/p>\n\n\n\n<ul class=\"wp-container-2 wp-block-gallery-1 wp-block-gallery columns-1 is-cropped\"><li class=\"blocks-gallery-item\"><figure><img loading=\"lazy\" width=\"1024\" height=\"768\" src=\"https:\/\/vsdorfstetten.ac.at\/wp-content\/uploads\/2021\/09\/IMG-20210906-WA0002-1024x768.jpg\" alt=\"\" data-id=\"986\" data-link=\"https:\/\/vsdorfstetten.ac.at\/?attachment_id=986\" class=\"wp-image-986\" srcset=\"https:\/\/vsdorfstetten.ac.at\/wp-content\/uploads\/2021\/09\/IMG-20210906-WA0002-1024x768.jpg 1024w, https:\/\/vsdorfstetten.ac.at\/wp-content\/uploads\/2021\/09\/IMG-20210906-WA0002-300x225.jpg 300w, https:\/\/vsdorfstetten.ac.at\/wp-content\/uploads\/2021\/09\/IMG-20210906-WA0002-768x576.jpg 768w, https:\/\/vsdorfstetten.ac.at\/wp-content\/uploads\/2021\/09\/IMG-20210906-WA0002.jpg 1599w\" sizes=\"(max-width: 1024px) 100vw, 1024px\" \/><\/figure><\/li><li class=\"blocks-gallery-item\"><figure><img loading=\"lazy\" width=\"1024\" height=\"768\" src=\"https:\/\/vsdorfstetten.ac.at\/wp-content\/uploads\/2021\/09\/IMG-20210906-WA0012-1024x768.jpg\" alt=\"\" data-id=\"988\" data-link=\"https:\/\/vsdorfstetten.ac.at\/?attachment_id=988\" class=\"wp-image-988\" srcset=\"https:\/\/vsdorfstetten.ac.at\/wp-content\/uploads\/2021\/09\/IMG-20210906-WA0012-1024x768.jpg 1024w, https:\/\/vsdorfstetten.ac.at\/wp-content\/uploads\/2021\/09\/IMG-20210906-WA0012-300x225.jpg 300w, https:\/\/vsdorfstetten.ac.at\/wp-content\/uploads\/2021\/09\/IMG-20210906-WA0012-768x576.jpg 768w, https:\/\/vsdorfstetten.ac.at\/wp-content\/uploads\/2021\/09\/IMG-20210906-WA0012.jpg 1599w\" sizes=\"(max-width: 1024px) 100vw, 1024px\" \/><\/figure><\/li><\/ul>\n","protected":false},"excerpt":{"rendered":"<p>Herzlich willkommen im neuen Schuljahr. Ingesamt 27 Sch\u00fcler und Sch\u00fclerinnen besuchen dieses Schuljahr unsere Volksschule. Am 06. September 2021 war &hellip; <\/p>\n","protected":false},"author":1,"featured_media":0,"comment_status":"closed","ping_status":"closed","sticky":false,"template":"","format":"standard","meta":[],"categories":[1],"tags":[],"_links":{"self":[{"href":"https:\/\/vsdorfstetten.ac.at\/index.php\/wp-json\/wp\/v2\/posts\/984"}],"collection":[{"href":"https:\/\/vsdorfstetten.ac.at\/index.php\/wp-json\/wp\/v2\/posts"}],"about":[{"href":"https:\/\/vsdorfstetten.ac.at\/index.php\/wp-json\/wp\/v2\/types\/post"}],"author":[{"embeddable":true,"href":"https:\/\/vsdorfstetten.ac.at\/index.php\/wp-json\/wp\/v2\/users\/1"}],"replies":[{"embeddable":true,"href":"https:\/\/vsdorfstetten.ac.at\/index.php\/wp-json\/wp\/v2\/comments?post=984"}],"version-history":[{"count":2,"href":"https:\/\/vsdorfstetten.ac.at\/index.php\/wp-json\/wp\/v2\/posts\/984\/revisions"}],"predecessor-version":[{"id":990,"href":"https:\/\/vsdorfstetten.ac.at\/index.php\/wp-json\/wp\/v2\/posts\/984\/revisions\/990"}],"wp:attachment":[{"href":"https:\/\/vsdorfstetten.ac.at\/index.php\/wp-json\/wp\/v2\/media?parent=984"}],"wp:term":[{"taxonomy":"category","embeddable":true,"href":"https:\/\/vsdorfstetten.ac.at\/index.php\/wp-json\/wp\/v2\/categories?post=984"},{"taxonomy":"post_tag","embeddable":true,"href":"https:\/\/vsdorfstetten.ac.at\/index.php\/wp-json\/wp\/v2\/tags?post=984"}],"curies":[{"name":"wp","href":"https:\/\/api.w.org\/{rel}","templated":true}]}}